{"id":9655,"date":"2025-04-23T20:06:00","date_gmt":"2025-04-23T23:06:00","guid":{"rendered":"https:\/\/ruslat.com.br\/?p=9655"},"modified":"2025-08-07T20:14:33","modified_gmt":"2025-08-07T23:14:33","slug":"itamaraty-confirma-viagens-de-lula-a-russia-e-china-veja-agenda","status":"publish","type":"post","link":"https:\/\/ruslat.com.br\/index.php\/2025\/noticias\/itamaraty-confirma-viagens-de-lula-a-russia-e-china-veja-agenda\/","title":{"rendered":"Itamaraty confirma viagens de Lula \u00e0 R\u00fassia e China; veja agenda"},"content":{"rendered":"","protected":false},"excerpt":{"rendered":"","protected":false},"author":3,"featured_media":0,"comment_status":"open","ping_status":"open","sticky":false,"template":"","format":"standard","meta":{"_acf_changed":false,"_eb_attr":"","_jetpack_memberships_contains_paid_content":false,"footnotes":""},"categories":[61,74],"tags":[],"fonte":[77],"pais-envolvido":[67],"class_list":["post-9655","post","type-post","status-publish","format-standard","hentry","category-noticias","category-noticias-externas","fonte-cnn-brasil","pais-envolvido-russia-brasil"],"acf":[],"yoast_head":"<!-- This site is optimized with the Yoast SEO plugin v27.5 - https:\/\/yoast.com\/product\/yoast-seo-wordpress\/ -->\n<title>Itamaraty confirma viagens de Lula \u00e0 R\u00fassia e China; veja agenda - Observat\u00f3rio R\u00fassia-Am\u00e9rica Latina<\/title>\n<meta name=\"robots\" content=\"index, follow, max-snippet:-1, max-image-preview:large, max-video-preview:-1\" \/>\n<link rel=\"canonical\" href=\"https:\/\/ruslat.com.br\/index.php\/2025\/noticias\/itamaraty-confirma-viagens-de-lula-a-russia-e-china-veja-agenda\/\" \/>\n<meta property=\"og:locale\" content=\"pt_BR\" \/>\n<meta property=\"og:type\" content=\"article\" \/>\n<meta property=\"og:title\" content=\"Itamaraty confirma viagens de Lula \u00e0 R\u00fassia e China; veja agenda - Observat\u00f3rio R\u00fassia-Am\u00e9rica Latina\" \/>\n<meta property=\"og:url\" content=\"https:\/\/ruslat.com.br\/index.php\/2025\/noticias\/itamaraty-confirma-viagens-de-lula-a-russia-e-china-veja-agenda\/\" \/>\n<meta property=\"og:site_name\" content=\"Observat\u00f3rio R\u00fassia-Am\u00e9rica Latina\" \/>\n<meta property=\"article:published_time\" content=\"2025-04-23T23:06:00+00:00\" \/>\n<meta property=\"article:modified_time\" content=\"2025-08-07T23:14:33+00:00\" \/>\n<meta name=\"author\" content=\"Carolina Autran\" \/>\n<meta name=\"twitter:card\" content=\"summary_large_image\" \/>\n<meta name=\"twitter:label1\" content=\"Escrito por\" \/>\n\t<meta name=\"twitter:data1\" content=\"Carolina Autran\" \/>\n<script type=\"application\/ld+json\" class=\"yoast-schema-graph\">{\"@context\":\"https:\\\/\\\/schema.org\",\"@graph\":[{\"@type\":\"Article\",\"@id\":\"https:\\\/\\\/ruslat.com.br\\\/index.php\\\/2025\\\/noticias\\\/itamaraty-confirma-viagens-de-lula-a-russia-e-china-veja-agenda\\\/#article\",\"isPartOf\":{\"@id\":\"https:\\\/\\\/ruslat.com.br\\\/index.php\\\/2025\\\/noticias\\\/itamaraty-confirma-viagens-de-lula-a-russia-e-china-veja-agenda\\\/\"},\"author\":{\"name\":\"Carolina Autran\",\"@id\":\"https:\\\/\\\/ruslat.com.br\\\/#\\\/schema\\\/person\\\/2e9257d1ffff1adfe1a0c0aa9d8d7d77\"},\"headline\":\"Itamaraty confirma viagens de Lula \u00e0 R\u00fassia e China; veja agenda\",\"datePublished\":\"2025-04-23T23:06:00+00:00\",\"dateModified\":\"2025-08-07T23:14:33+00:00\",\"mainEntityOfPage\":{\"@id\":\"https:\\\/\\\/ruslat.com.br\\\/index.php\\\/2025\\\/noticias\\\/itamaraty-confirma-viagens-de-lula-a-russia-e-china-veja-agenda\\\/\"},\"wordCount\":11,\"commentCount\":0,\"articleSection\":[\"Not\u00edcias\",\"Not\u00edcias externas\"],\"inLanguage\":\"pt-BR\",\"potentialAction\":[{\"@type\":\"CommentAction\",\"name\":\"Comment\",\"target\":[\"https:\\\/\\\/ruslat.com.br\\\/index.php\\\/2025\\\/noticias\\\/itamaraty-confirma-viagens-de-lula-a-russia-e-china-veja-agenda\\\/#respond\"]}]},{\"@type\":\"WebPage\",\"@id\":\"https:\\\/\\\/ruslat.com.br\\\/index.php\\\/2025\\\/noticias\\\/itamaraty-confirma-viagens-de-lula-a-russia-e-china-veja-agenda\\\/\",\"url\":\"https:\\\/\\\/ruslat.com.br\\\/index.php\\\/2025\\\/noticias\\\/itamaraty-confirma-viagens-de-lula-a-russia-e-china-veja-agenda\\\/\",\"name\":\"Itamaraty confirma viagens de Lula \u00e0 R\u00fassia e China; veja agenda - Observat\u00f3rio R\u00fassia-Am\u00e9rica Latina\",\"isPartOf\":{\"@id\":\"https:\\\/\\\/ruslat.com.br\\\/#website\"},\"datePublished\":\"2025-04-23T23:06:00+00:00\",\"dateModified\":\"2025-08-07T23:14:33+00:00\",\"author\":{\"@id\":\"https:\\\/\\\/ruslat.com.br\\\/#\\\/schema\\\/person\\\/2e9257d1ffff1adfe1a0c0aa9d8d7d77\"},\"breadcrumb\":{\"@id\":\"https:\\\/\\\/ruslat.com.br\\\/index.php\\\/2025\\\/noticias\\\/itamaraty-confirma-viagens-de-lula-a-russia-e-china-veja-agenda\\\/#breadcrumb\"},\"inLanguage\":\"pt-BR\",\"potentialAction\":[{\"@type\":\"ReadAction\",\"target\":[\"https:\\\/\\\/ruslat.com.br\\\/index.php\\\/2025\\\/noticias\\\/itamaraty-confirma-viagens-de-lula-a-russia-e-china-veja-agenda\\\/\"]}]},{\"@type\":\"BreadcrumbList\",\"@id\":\"https:\\\/\\\/ruslat.com.br\\\/index.php\\\/2025\\\/noticias\\\/itamaraty-confirma-viagens-de-lula-a-russia-e-china-veja-agenda\\\/#breadcrumb\",\"itemListElement\":[{\"@type\":\"ListItem\",\"position\":1,\"name\":\"In\u00edcio\",\"item\":\"https:\\\/\\\/ruslat.com.br\\\/\"},{\"@type\":\"ListItem\",\"position\":2,\"name\":\"Itamaraty confirma viagens de Lula \u00e0 R\u00fassia e China; veja agenda\"}]},{\"@type\":\"WebSite\",\"@id\":\"https:\\\/\\\/ruslat.com.br\\\/#website\",\"url\":\"https:\\\/\\\/ruslat.com.br\\\/\",\"name\":\"Observat\u00f3rio R\u00fassia-Am\u00e9rica Latina\",\"description\":\"\",\"potentialAction\":[{\"@type\":\"SearchAction\",\"target\":{\"@type\":\"EntryPoint\",\"urlTemplate\":\"https:\\\/\\\/ruslat.com.br\\\/?s={search_term_string}\"},\"query-input\":{\"@type\":\"PropertyValueSpecification\",\"valueRequired\":true,\"valueName\":\"search_term_string\"}}],\"inLanguage\":\"pt-BR\"},{\"@type\":\"Person\",\"@id\":\"https:\\\/\\\/ruslat.com.br\\\/#\\\/schema\\\/person\\\/2e9257d1ffff1adfe1a0c0aa9d8d7d77\",\"name\":\"Carolina Autran\",\"image\":{\"@type\":\"ImageObject\",\"inLanguage\":\"pt-BR\",\"@id\":\"https:\\\/\\\/secure.gravatar.com\\\/avatar\\\/f873844cdcc5b67cdeecb920a4092e02404738ccc37a6fdc3247fac7e7a84182?s=96&d=mm&r=g\",\"url\":\"https:\\\/\\\/secure.gravatar.com\\\/avatar\\\/f873844cdcc5b67cdeecb920a4092e02404738ccc37a6fdc3247fac7e7a84182?s=96&d=mm&r=g\",\"contentUrl\":\"https:\\\/\\\/secure.gravatar.com\\\/avatar\\\/f873844cdcc5b67cdeecb920a4092e02404738ccc37a6fdc3247fac7e7a84182?s=96&d=mm&r=g\",\"caption\":\"Carolina Autran\"},\"url\":\"https:\\\/\\\/ruslat.com.br\\\/index.php\\\/author\\\/carolinaautran\\\/\"}]}<\/script>\n<!-- \/ Yoast SEO plugin. -->","yoast_head_json":{"title":"Itamaraty confirma viagens de Lula \u00e0 R\u00fassia e China; veja agenda - Observat\u00f3rio R\u00fassia-Am\u00e9rica Latina","robots":{"index":"index","follow":"follow","max-snippet":"max-snippet:-1","max-image-preview":"max-image-preview:large","max-video-preview":"max-video-preview:-1"},"canonical":"https:\/\/ruslat.com.br\/index.php\/2025\/noticias\/itamaraty-confirma-viagens-de-lula-a-russia-e-china-veja-agenda\/","og_locale":"pt_BR","og_type":"article","og_title":"Itamaraty confirma viagens de Lula \u00e0 R\u00fassia e China; veja agenda - Observat\u00f3rio R\u00fassia-Am\u00e9rica Latina","og_url":"https:\/\/ruslat.com.br\/index.php\/2025\/noticias\/itamaraty-confirma-viagens-de-lula-a-russia-e-china-veja-agenda\/","og_site_name":"Observat\u00f3rio R\u00fassia-Am\u00e9rica Latina","article_published_time":"2025-04-23T23:06:00+00:00","article_modified_time":"2025-08-07T23:14:33+00:00","author":"Carolina Autran","twitter_card":"summary_large_image","twitter_misc":{"Escrito por":"Carolina Autran"},"schema":{"@context":"https:\/\/schema.org","@graph":[{"@type":"Article","@id":"https:\/\/ruslat.com.br\/index.php\/2025\/noticias\/itamaraty-confirma-viagens-de-lula-a-russia-e-china-veja-agenda\/#article","isPartOf":{"@id":"https:\/\/ruslat.com.br\/index.php\/2025\/noticias\/itamaraty-confirma-viagens-de-lula-a-russia-e-china-veja-agenda\/"},"author":{"name":"Carolina Autran","@id":"https:\/\/ruslat.com.br\/#\/schema\/person\/2e9257d1ffff1adfe1a0c0aa9d8d7d77"},"headline":"Itamaraty confirma viagens de Lula \u00e0 R\u00fassia e China; veja agenda","datePublished":"2025-04-23T23:06:00+00:00","dateModified":"2025-08-07T23:14:33+00:00","mainEntityOfPage":{"@id":"https:\/\/ruslat.com.br\/index.php\/2025\/noticias\/itamaraty-confirma-viagens-de-lula-a-russia-e-china-veja-agenda\/"},"wordCount":11,"commentCount":0,"articleSection":["Not\u00edcias","Not\u00edcias externas"],"inLanguage":"pt-BR","potentialAction":[{"@type":"CommentAction","name":"Comment","target":["https:\/\/ruslat.com.br\/index.php\/2025\/noticias\/itamaraty-confirma-viagens-de-lula-a-russia-e-china-veja-agenda\/#respond"]}]},{"@type":"WebPage","@id":"https:\/\/ruslat.com.br\/index.php\/2025\/noticias\/itamaraty-confirma-viagens-de-lula-a-russia-e-china-veja-agenda\/","url":"https:\/\/ruslat.com.br\/index.php\/2025\/noticias\/itamaraty-confirma-viagens-de-lula-a-russia-e-china-veja-agenda\/","name":"Itamaraty confirma viagens de Lula \u00e0 R\u00fassia e China; veja agenda - Observat\u00f3rio R\u00fassia-Am\u00e9rica Latina","isPartOf":{"@id":"https:\/\/ruslat.com.br\/#website"},"datePublished":"2025-04-23T23:06:00+00:00","dateModified":"2025-08-07T23:14:33+00:00","author":{"@id":"https:\/\/ruslat.com.br\/#\/schema\/person\/2e9257d1ffff1adfe1a0c0aa9d8d7d77"},"breadcrumb":{"@id":"https:\/\/ruslat.com.br\/index.php\/2025\/noticias\/itamaraty-confirma-viagens-de-lula-a-russia-e-china-veja-agenda\/#breadcrumb"},"inLanguage":"pt-BR","potentialAction":[{"@type":"ReadAction","target":["https:\/\/ruslat.com.br\/index.php\/2025\/noticias\/itamaraty-confirma-viagens-de-lula-a-russia-e-china-veja-agenda\/"]}]},{"@type":"BreadcrumbList","@id":"https:\/\/ruslat.com.br\/index.php\/2025\/noticias\/itamaraty-confirma-viagens-de-lula-a-russia-e-china-veja-agenda\/#breadcrumb","itemListElement":[{"@type":"ListItem","position":1,"name":"In\u00edcio","item":"https:\/\/ruslat.com.br\/"},{"@type":"ListItem","position":2,"name":"Itamaraty confirma viagens de Lula \u00e0 R\u00fassia e China; veja agenda"}]},{"@type":"WebSite","@id":"https:\/\/ruslat.com.br\/#website","url":"https:\/\/ruslat.com.br\/","name":"Observat\u00f3rio R\u00fassia-Am\u00e9rica Latina","description":"","potentialAction":[{"@type":"SearchAction","target":{"@type":"EntryPoint","urlTemplate":"https:\/\/ruslat.com.br\/?s={search_term_string}"},"query-input":{"@type":"PropertyValueSpecification","valueRequired":true,"valueName":"search_term_string"}}],"inLanguage":"pt-BR"},{"@type":"Person","@id":"https:\/\/ruslat.com.br\/#\/schema\/person\/2e9257d1ffff1adfe1a0c0aa9d8d7d77","name":"Carolina Autran","image":{"@type":"ImageObject","inLanguage":"pt-BR","@id":"https:\/\/secure.gravatar.com\/avatar\/f873844cdcc5b67cdeecb920a4092e02404738ccc37a6fdc3247fac7e7a84182?s=96&d=mm&r=g","url":"https:\/\/secure.gravatar.com\/avatar\/f873844cdcc5b67cdeecb920a4092e02404738ccc37a6fdc3247fac7e7a84182?s=96&d=mm&r=g","contentUrl":"https:\/\/secure.gravatar.com\/avatar\/f873844cdcc5b67cdeecb920a4092e02404738ccc37a6fdc3247fac7e7a84182?s=96&d=mm&r=g","caption":"Carolina Autran"},"url":"https:\/\/ruslat.com.br\/index.php\/author\/carolinaautran\/"}]}},"jetpack_featured_media_url":"","jetpack_sharing_enabled":true,"_links":{"self":[{"href":"https:\/\/ruslat.com.br\/index.php\/wp-json\/wp\/v2\/posts\/9655","targetHints":{"allow":["GET"]}}],"collection":[{"href":"https:\/\/ruslat.com.br\/index.php\/wp-json\/wp\/v2\/posts"}],"about":[{"href":"https:\/\/ruslat.com.br\/index.php\/wp-json\/wp\/v2\/types\/post"}],"author":[{"embeddable":true,"href":"https:\/\/ruslat.com.br\/index.php\/wp-json\/wp\/v2\/users\/3"}],"replies":[{"embeddable":true,"href":"https:\/\/ruslat.com.br\/index.php\/wp-json\/wp\/v2\/comments?post=9655"}],"version-history":[{"count":1,"href":"https:\/\/ruslat.com.br\/index.php\/wp-json\/wp\/v2\/posts\/9655\/revisions"}],"predecessor-version":[{"id":9656,"href":"https:\/\/ruslat.com.br\/index.php\/wp-json\/wp\/v2\/posts\/9655\/revisions\/9656"}],"wp:attachment":[{"href":"https:\/\/ruslat.com.br\/index.php\/wp-json\/wp\/v2\/media?parent=9655"}],"wp:term":[{"taxonomy":"category","embeddable":true,"href":"https:\/\/ruslat.com.br\/index.php\/wp-json\/wp\/v2\/categories?post=9655"},{"taxonomy":"post_tag","embeddable":true,"href":"https:\/\/ruslat.com.br\/index.php\/wp-json\/wp\/v2\/tags?post=9655"},{"taxonomy":"fonte","embeddable":true,"href":"https:\/\/ruslat.com.br\/index.php\/wp-json\/wp\/v2\/fonte?post=9655"},{"taxonomy":"pais-envolvido","embeddable":true,"href":"https:\/\/ruslat.com.br\/index.php\/wp-json\/wp\/v2\/pais-envolvido?post=9655"}],"curies":[{"name":"wp","href":"https:\/\/api.w.org\/{rel}","templated":true}]}}